{"id":7084,"date":"2024-11-29T08:26:28","date_gmt":"2024-11-29T08:26:28","guid":{"rendered":"https:\/\/www.turkticaret.net\/blog\/?p=7084"},"modified":"2024-11-29T08:26:48","modified_gmt":"2024-11-29T08:26:48","slug":"2025-ozel-gunler-takvimi","status":"publish","type":"post","link":"https:\/\/www.turkticaret.net\/blog\/2025-ozel-gunler-takvimi\/","title":{"rendered":"2025 \u00d6zel G\u00fcnler Takvimi"},"content":{"rendered":"<p>2025 y\u0131l\u0131na girmeye haz\u0131r m\u0131s\u0131n\u0131z? Takvimde i\u015faretlemeyi unutmaman\u0131z gereken hem \u00f6nemli hem de e\u011flenceli bir\u00e7ok g\u00fcn var! T\u00fcrkiye\u2019de kutlanan <strong>\u00f6zel g\u00fcnler takvimi<\/strong> ile hem ulusal bayramlar hem de daha az bilinen e\u011flenceli \u00f6zel g\u00fcnler sizi bekliyor. Y\u0131l\u0131n her ay\u0131na yay\u0131lm\u0131\u015f bu etkinlikleri g\u00f6zden ge\u00e7irin ve planlar\u0131n\u0131z\u0131 yap\u0131n! \u0130\u015fte <strong>2025 \u00f6zel g\u00fcnler<\/strong> listesi!<\/p>\n<p><img loading=\"lazy\" class=\"wp-image-7087 aligncenter\" src=\"https:\/\/www.turkticaret.net\/blog\/wp-content\/uploads\/2024\/11\/2025-Ozel-Gunler-Takvimi-1.jpeg\" alt=\"2025 \u00d6zel G\u00fcnler Takvimi 1\" width=\"600\" height=\"310\" srcset=\"https:\/\/www.turkticaret.net\/blog\/wp-content\/uploads\/2024\/11\/2025-Ozel-Gunler-Takvimi-1.jpeg 810w, https:\/\/www.turkticaret.net\/blog\/wp-content\/uploads\/2024\/11\/2025-Ozel-Gunler-Takvimi-1-300x155.jpeg 300w, https:\/\/www.turkticaret.net\/blog\/wp-content\/uploads\/2024\/11\/2025-Ozel-Gunler-Takvimi-1-768x396.jpeg 768w\" sizes=\"(max-width: 600px) 100vw, 600px\" \/><\/p>\n<h3><strong>Ocak Ay\u0131 \u00d6zel G\u00fcnler<\/strong><\/h3>\n<p>Yeni y\u0131l\u0131n ilk ay\u0131, umut dolu ba\u015flang\u0131\u00e7lar ve e\u011flenceli \u00f6zel g\u00fcnlerle ba\u015fl\u0131yor.<\/p>\n<ul>\n<li><strong>1 Ocak \u2013 Y\u0131lba\u015f\u0131:<\/strong> Yeni bir y\u0131l\u0131n ilk g\u00fcn\u00fc, d\u00fcnya \u00e7ap\u0131nda kutlanan \u00f6zel bir g\u00fcn.<\/li>\n<li><strong>4 Ocak \u2013 D\u00fcnya Braille Alfabesi G\u00fcn\u00fc:<\/strong> G\u00f6rme engelliler i\u00e7in fark\u0131ndal\u0131k zaman\u0131.<\/li>\n<li><strong>10 Ocak \u2013 \u00c7al\u0131\u015fan Gazeteciler G\u00fcn\u00fc:<\/strong> Haberlerin kahramanlar\u0131 olan gazetecilere te\u015fekk\u00fcr edelim!<\/li>\n<li><strong>16 Ocak \u2013 D\u00fcnya Kar G\u00fcn\u00fc:<\/strong> Kardan adam yapma bahanesi i\u00e7in m\u00fckemmel bir f\u0131rsat.<\/li>\n<li><strong>21 Ocak \u2013 Uluslararas\u0131 Kucakla\u015fma G\u00fcn\u00fc:<\/strong> Sevdiklerinize sar\u0131lmay\u0131 unutmay\u0131n!<\/li>\n<li><strong>24 Ocak: D\u00fcnya Kar\u015f\u0131l\u0131ks\u0131z \u0130yilik G\u00fcn\u00fc<\/strong><\/li>\n<li><strong>31 Ocak \u2013 Ulusal S\u00f6zl\u00fck G\u00fcn\u00fc:<\/strong> Yeni kelimeler \u00f6\u011frenmek i\u00e7in harika bir g\u00fcn.<\/li>\n<\/ul>\n<h3><strong>\u015eubat Ay\u0131 \u00d6zel G\u00fcnler<\/strong><\/h3>\n<p>Sevgiyi, k\u0131\u015f\u0131n g\u00fczelliklerini ve fark\u0131ndal\u0131\u011f\u0131 birle\u015ftiren bu ay\u0131n \u00f6ne \u00e7\u0131kan <strong>\u00f6zel g\u00fcnler takvimi<\/strong>:<\/p>\n<ul>\n<li><strong>9 \u015eubat \u2013 D\u00fcnya Pizza G\u00fcn\u00fc:<\/strong> Pizza sevenler, bug\u00fcn kendinizi \u015f\u0131martabilirsiniz!<\/li>\n<li><strong>14 \u015eubat \u2013 Sevgililer G\u00fcn\u00fc:<\/strong> Romantizmi ta\u00e7land\u0131rman\u0131n zaman\u0131.<\/li>\n<li><strong>17 \u015eubat \u2013 Kediler G\u00fcn\u00fc:<\/strong> Minik dostlar\u0131m\u0131z\u0131 \u015f\u0131martmay\u0131 unutmay\u0131n.<\/li>\n<li><strong>28 \u015eubat \u2013 Sivil Savunma G\u00fcn\u00fc:<\/strong> Afetlere haz\u0131rl\u0131k konusunda bilin\u00e7lenin.<\/li>\n<\/ul>\n<h3><strong>Mart Ay\u0131 \u00d6zel G\u00fcnler<\/strong><\/h3>\n<p>Bahar\u0131n geli\u015fiyle birlikte bu ay \u00f6nemli ve e\u011flenceli bir\u00e7ok etkinli\u011fi bar\u0131nd\u0131r\u0131yor.<\/p>\n<ul>\n<li><strong>1 Mart \u2013 Ye\u015filay Haftas\u0131:<\/strong> Sa\u011fl\u0131kl\u0131 ya\u015fam i\u00e7in fark\u0131ndal\u0131k yarat\u0131n.<\/li>\n<li><strong>8 Mart \u2013 D\u00fcnya Kad\u0131nlar G\u00fcn\u00fc:<\/strong> Kad\u0131nlar\u0131n topluma katt\u0131klar\u0131 de\u011ferleri kutlama g\u00fcn\u00fc.<\/li>\n<li><strong>14 Mart \u2013 T\u0131p Bayram\u0131:<\/strong> Doktorlar\u0131m\u0131z\u0131 onurland\u0131rman\u0131n zaman\u0131.<\/li>\n<li><strong>18 Mart \u2013 \u00c7anakkale Zaferi ve \u015eehitleri Anma G\u00fcn\u00fc:<\/strong> Tarihi destan\u0131m\u0131z\u0131 anma g\u00fcn\u00fc.<\/li>\n<li><strong>21 Mart \u2013 D\u00fcnya \u015eiir G\u00fcn\u00fc:<\/strong> \u015eiir sevenler i\u00e7in ilham dolu bir g\u00fcn.<\/li>\n<li><strong>27 Mart \u2013 D\u00fcnya Tiyatro G\u00fcn\u00fc:<\/strong> Perdeler a\u00e7\u0131l\u0131yor! Bir tiyatro oyununa gitmeyi planlay\u0131n.<\/li>\n<\/ul>\n<h3><strong>Nisan Ay\u0131 \u00d6zel G\u00fcnler<\/strong><\/h3>\n<p>Bahar\u0131n tam anlam\u0131yla hissedildi\u011fi nisan ay\u0131, do\u011fay\u0131 ve \u00e7ocuklar\u0131 kutlama zaman\u0131.<\/p>\n<ul>\n<li><strong>1 Nisan \u2013 \u015eaka G\u00fcn\u00fc:<\/strong> E\u011flenceli ve masum \u015fakalar yapman\u0131n g\u00fcn\u00fc.<\/li>\n<li><strong>7 Nisan \u2013 D\u00fcnya Sa\u011fl\u0131k G\u00fcn\u00fc:<\/strong> Sa\u011fl\u0131\u011f\u0131n \u00f6nemini hat\u0131rlamak i\u00e7in harika bir f\u0131rsat.<\/li>\n<li><strong>23 Nisan \u2013 Ulusal Egemenlik ve \u00c7ocuk Bayram\u0131:<\/strong> Atat\u00fcrk\u2019\u00fcn \u00e7ocuklara arma\u011fan\u0131 olan bu bayram co\u015fkuyla kutlan\u0131r.<\/li>\n<li><strong>30 Nisan \u2013 D\u00fcnya Veteriner Hekimler G\u00fcn\u00fc:<\/strong> Hayvan dostlar\u0131m\u0131z\u0131n sa\u011fl\u0131\u011f\u0131 i\u00e7in \u00e7al\u0131\u015fan hekimleri unutmay\u0131n.<\/li>\n<\/ul>\n<h3><strong>May\u0131s Ay\u0131 \u00d6zel G\u00fcnler<\/strong><\/h3>\n<p>Bahar co\u015fkusu, emek ve anneler\u2026 May\u0131s, bir\u00e7ok \u00f6zel g\u00fcn\u00fcn ev sahibi.<\/p>\n<ul>\n<li><strong>1 May\u0131s \u2013 Emek ve Dayan\u0131\u015fma G\u00fcn\u00fc:<\/strong> \u0130\u015f\u00e7i haklar\u0131n\u0131n kutland\u0131\u011f\u0131 \u00f6zel bir g\u00fcn.<\/li>\n<li><strong>8 May\u0131s \u2013 D\u00fcnya Ebeveynler G\u00fcn\u00fc:<\/strong> Anne babalara sevginizi g\u00f6sterme g\u00fcn\u00fc.<\/li>\n<li><strong>9 May\u0131s \u2013 Anneler G\u00fcn\u00fc (2025):<\/strong> Annelerinizi \u015f\u0131martmak i\u00e7in m\u00fckemmel bir zaman.<\/li>\n<li><strong>19 May\u0131s \u2013 Atat\u00fcrk\u2019\u00fc Anma, Gen\u00e7lik ve Spor Bayram\u0131:<\/strong> T\u00fcrkiye\u2019nin gen\u00e7lerine arma\u011fan edilmi\u015f \u00f6zel bir g\u00fcn.<\/li>\n<\/ul>\n<h3><strong>Haziran Ay\u0131 \u00d6zel G\u00fcnler<\/strong><\/h3>\n<p>Yaz\u0131n ba\u015flang\u0131c\u0131yla do\u011fa, \u00e7evre ve babalar\u0131 kutlama zaman\u0131.<\/p>\n<ul>\n<li><strong>5 Haziran \u2013 D\u00fcnya \u00c7evre G\u00fcn\u00fc:<\/strong> \u00c7evreyi koruma bilinci kazan\u0131n.<\/li>\n<li><strong>8 Haziran \u2013 D\u00fcnya Okyanus G\u00fcn\u00fc:<\/strong> Mavi derinliklere bir selam g\u00f6nderin.<\/li>\n<li><strong>16 Haziran \u2013 Babalar G\u00fcn\u00fc (2025):<\/strong> Babalar\u0131n\u0131za te\u015fekk\u00fcr etmeyi unutmay\u0131n.<\/li>\n<li><strong>21 Haziran \u2013 En Uzun G\u00fcn:<\/strong> Yaz g\u00fcn d\u00f6n\u00fcm\u00fcn\u00fcn tad\u0131n\u0131 \u00e7\u0131kar\u0131n.<\/li>\n<\/ul>\n<h3><strong>Temmuz Ay\u0131 \u00d6zel G\u00fcnler<\/strong><\/h3>\n<p>Yaz\u0131n tam ortas\u0131nda, e\u011flence ve fark\u0131ndal\u0131k zaman\u0131!<\/p>\n<ul>\n<li><strong>1 Temmuz: Kabotaj ve Denizcilik Bayram\u0131: <\/strong>Denizcilerin ve denizcili\u011fin \u00f6nemini kutlama g\u00fcn\u00fc.<\/li>\n<li><strong>6 Temmuz \u2013 D\u00fcnya \u00d6p\u00fcc\u00fck G\u00fcn\u00fc:<\/strong> Sevdiklerinize sevginizi g\u00f6stermek i\u00e7in tatl\u0131 bir bahane.<\/li>\n<li><strong>10 Temmuz \u2013 D\u00fcnya Hukuk G\u00fcn\u00fc:<\/strong> Adaletin ve hukukun \u00f6nemini hat\u0131rlay\u0131n.<\/li>\n<li><strong>15 Temmuz &#8211; Demokrasi ve Milli Birlik G\u00fcn\u00fc<\/strong><\/li>\n<li><strong>20 Temmuz \u2013 Uluslararas\u0131 Satran\u00e7 G\u00fcn\u00fc:<\/strong> Zekan\u0131z\u0131 test edin!<\/li>\n<\/ul>\n<h3><strong>A\u011fustos Ay\u0131 \u00d6zel G\u00fcnler<\/strong><\/h3>\n<p>S\u0131cak yaz g\u00fcnleri, zafer ve e\u011flenceyle dolu.<\/p>\n<ul>\n<li><strong>8 A\u011fustos \u2013 D\u00fcnya Kedi G\u00fcn\u00fc:<\/strong> Kedilerin e\u011flenceli d\u00fcnyas\u0131n\u0131 kutlay\u0131n.<\/li>\n<li><strong>30 A\u011fustos \u2013 Zafer Bayram\u0131:<\/strong> Milli m\u00fccadele zaferimizi co\u015fkuyla kutlama zaman\u0131.<\/li>\n<\/ul>\n<h3><strong>Eyl\u00fcl Ay\u0131 \u00d6zel G\u00fcnler<\/strong><\/h3>\n<p>Sonbahar\u0131n ba\u015flang\u0131c\u0131, okullar\u0131n a\u00e7\u0131l\u0131\u015f\u0131 ve do\u011fay\u0131 kutlama zaman\u0131.<\/p>\n<ul>\n<li><strong>5 Eyl\u00fcl \u2013 Uluslararas\u0131 Hay\u0131rseverlik G\u00fcn\u00fc:<\/strong> \u0130yilik yapmak i\u00e7in \u00f6zel bir g\u00fcn.<\/li>\n<li><strong>8 Eyl\u00fcl \u2013 D\u00fcnya Okuma Yazma G\u00fcn\u00fc:<\/strong> Kitap okuma al\u0131\u015fkanl\u0131\u011f\u0131 kazan\u0131n.<\/li>\n<li><strong>22 Eyl\u00fcl \u2013 D\u00fcnya Araba Kullanmay\u0131 B\u0131rakma G\u00fcn\u00fc:<\/strong> Daha ye\u015fil bir d\u00fcnya i\u00e7in araban\u0131zdan bir g\u00fcnl\u00fc\u011f\u00fcne vazge\u00e7in.<\/li>\n<\/ul>\n<h3><strong>Ekim Ay\u0131 \u00d6zel G\u00fcnler<\/strong><\/h3>\n<p>Cumhuriyet co\u015fkusunu ya\u015fatan ve hayvanlar\u0131 kutlad\u0131\u011f\u0131m\u0131z bu ay, dolu dolu!<\/p>\n<ul>\n<li><strong>4 Ekim \u2013 Hayvanlar\u0131 Koruma G\u00fcn\u00fc:<\/strong> Patili dostlar\u0131n\u0131z\u0131 sevindirin!<\/li>\n<li><strong>16 Ekim \u2013 D\u00fcnya G\u0131da G\u00fcn\u00fc:<\/strong> \u0130sraf\u0131 azaltmak ve sa\u011fl\u0131kl\u0131 beslenmeyi te\u015fvik etmek i\u00e7in harika bir g\u00fcn.<\/li>\n<li><strong>29 Ekim \u2013 Cumhuriyet Bayram\u0131:<\/strong> Cumhuriyetin kurulu\u015funu b\u00fcy\u00fck bir gururla kutlay\u0131n.<\/li>\n<\/ul>\n<h3><strong>Kas\u0131m Ay\u0131 \u00d6zel G\u00fcnler<\/strong><\/h3>\n<p>Sonbahar\u0131n vedas\u0131, h\u00fcz\u00fcn ve kutlamalarla dolu\u2026<\/p>\n<ul>\n<li><strong>10 Kas\u0131m \u2013 Atat\u00fcrk\u2019\u00fc Anma G\u00fcn\u00fc:<\/strong> B\u00fcy\u00fck liderimizi \u00f6zlemle an\u0131yoruz.<\/li>\n<li><strong>24 Kas\u0131m \u2013 \u00d6\u011fretmenler G\u00fcn\u00fc:<\/strong> Gelece\u011fimizi \u015fekillendiren \u00f6\u011fretmenlere minnettarl\u0131k g\u00fcn\u00fc.<\/li>\n<\/ul>\n<h3><strong>Aral\u0131k Ay\u0131 \u00d6zel G\u00fcnler<\/strong><\/h3>\n<p>Y\u0131l\u0131n son ay\u0131, fark\u0131ndal\u0131k ve kutlama zaman\u0131!<\/p>\n<ul>\n<li><strong>3 Aral\u0131k \u2013 D\u00fcnya Engelliler G\u00fcn\u00fc:<\/strong> Toplumda e\u015fitli\u011fi ve fark\u0131ndal\u0131\u011f\u0131 art\u0131rma zaman\u0131.<\/li>\n<li><strong>21 Aral\u0131k \u2013 En Uzun Gece:<\/strong> K\u0131\u015f g\u00fcn d\u00f6n\u00fcm\u00fcn\u00fcn tad\u0131n\u0131 \u00e7\u0131kar\u0131n.<\/li>\n<li><strong>31 Aral\u0131k \u2013 Y\u0131lba\u015f\u0131 Gecesi:<\/strong> Eski y\u0131la veda, yeni y\u0131la merhaba!<\/li>\n<\/ul>\n<p>2025 y\u0131l\u0131n\u0131 \u00f6zel g\u00fcnlerle dolu bir \u015fekilde ge\u00e7irmek i\u00e7in bu takvimi rehber olarak kullanabilirsiniz. Sevdiklerinizi mutlu edecek, fark\u0131ndal\u0131k yaratacak veya e\u011flenceli an\u0131lar biriktirece\u011finiz bu \u00f6zel g\u00fcnler takvimde yerini ald\u0131. \ud83d\ude0a <strong>Sizin favoriniz hangisi?<\/strong><\/p>\n<h2>2025 T\u00fcrkiye Resmi Tatil G\u00fcnleri<\/h2>\n<p>T\u00fcrkiye\u2019de resmi tatiller, milli bayramlar ve dini bayramlarla belirlenir. \u0130\u015fte 2025 y\u0131l\u0131na ait resmi tatillerin tam listesi:<\/p>\n<ul>\n<li><strong>1 Ocak 2025 (\u00c7ar\u015famba): Y\u0131lba\u015f\u0131<\/strong><br \/>\nYeni y\u0131l\u0131n ilk g\u00fcn\u00fc, T\u00fcrkiye\u2019de resmi tatil olarak kutlan\u0131r.<\/li>\n<li><strong>23 Nisan 2025 (\u00c7ar\u015famba): Ulusal Egemenlik ve \u00c7ocuk Bayram\u0131<\/strong><br \/>\nT\u00fcrkiye B\u00fcy\u00fck Millet Meclisi&#8217;nin a\u00e7\u0131l\u0131\u015f\u0131n\u0131 ve Atat\u00fcrk\u2019\u00fcn \u00e7ocuklara arma\u011fan etti\u011fi bayram\u0131 kutlad\u0131\u011f\u0131m\u0131z g\u00fcnd\u00fcr.<\/li>\n<li><strong>1 May\u0131s 2025 (Per\u015fembe): Emek ve Dayan\u0131\u015fma G\u00fcn\u00fc<\/strong><br \/>\n\u0130\u015f\u00e7i haklar\u0131na dikkat \u00e7eken bu g\u00fcn T\u00fcrkiye\u2019de resmi tatil olarak kabul edilmi\u015ftir.<\/li>\n<li><strong>9 May\u0131s 2025 (Pazartesi): Atat\u00fcrk\u2019\u00fc Anma, Gen\u00e7lik ve Spor Bayram\u0131<\/strong><br \/>\nAtat\u00fcrk\u2019\u00fcn Samsun\u2019a \u00e7\u0131k\u0131\u015f\u0131n\u0131n an\u0131ld\u0131\u011f\u0131, gen\u00e7lere arma\u011fan edilen \u00f6zel bir g\u00fcnd\u00fcr.<\/li>\n<li><strong>6 Haziran 2025 (Cuma): Arefe G\u00fcn\u00fc<\/strong> (Yar\u0131m g\u00fcn tatil)<br \/>\n\u0130slam d\u00fcnyas\u0131nda \u00f6nemli bir bayram olan Kurban Bayram\u0131, 4,5 g\u00fcn s\u00fcreyle kutlan\u0131r.<\/li>\n<li><strong>7 Haziran 2025 (Cumartesi) \u2013 10 Haziran 2025 (Sal\u0131): Kurban Bayram\u0131<\/strong><\/li>\n<li><strong>15 Temmuz 2025 (Sal\u0131): Demokrasi ve Milli Birlik G\u00fcn\u00fc<\/strong><\/li>\n<li><strong>30 A\u011fustos 2025 (Cumartesi): Zafer Bayram\u0131<\/strong><br \/>\nT\u00fcrk milletinin ba\u011f\u0131ms\u0131zl\u0131k m\u00fccadelesini zaferle ta\u00e7land\u0131rd\u0131\u011f\u0131 g\u00fcn.<\/li>\n<li><strong>29 Ekim 2025 (\u00c7ar\u015famba): Cumhuriyet Bayram\u0131<\/strong><br \/>\nCumhuriyetin ilan\u0131n\u0131 kutlad\u0131\u011f\u0131m\u0131z, co\u015fkuyla ge\u00e7en bir milli bayramd\u0131r.<\/li>\n<\/ul>\n","protected":false},"excerpt":{"rendered":"<p>2025 y\u0131l\u0131na girmeye haz\u0131r m\u0131s\u0131n\u0131z? Takvimde i\u015faretlemeyi unutmaman\u0131z gereken hem \u00f6nemli hem de e\u011flenceli bir\u00e7ok g\u00fcn var! T\u00fcrkiye\u2019de kutlanan \u00f6zel g\u00fcnler takvimi ile hem ulusal bayramlar hem de daha az bilinen e\u011flenceli \u00f6zel g\u00fcnler sizi bekliyor. Y\u0131l\u0131n her ay\u0131na yay\u0131lm\u0131\u015f bu etkinlikleri g\u00f6zden ge\u00e7irin ve planlar\u0131n\u0131z\u0131 yap\u0131n! \u0130\u015fte 2025 \u00f6zel g\u00fcnler listesi! Ocak Ay\u0131 \u00d6zel [&hellip;]<\/p>\n","protected":false},"author":2,"featured_media":7086,"comment_status":"closed","ping_status":"open","sticky":false,"template":"","format":"standard","meta":[],"categories":[56,55,53],"tags":[],"_links":{"self":[{"href":"https:\/\/www.turkticaret.net\/blog\/wp-json\/wp\/v2\/posts\/7084"}],"collection":[{"href":"https:\/\/www.turkticaret.net\/blog\/wp-json\/wp\/v2\/posts"}],"about":[{"href":"https:\/\/www.turkticaret.net\/blog\/wp-json\/wp\/v2\/types\/post"}],"author":[{"embeddable":true,"href":"https:\/\/www.turkticaret.net\/blog\/wp-json\/wp\/v2\/users\/2"}],"replies":[{"embeddable":true,"href":"https:\/\/www.turkticaret.net\/blog\/wp-json\/wp\/v2\/comments?post=7084"}],"version-history":[{"count":3,"href":"https:\/\/www.turkticaret.net\/blog\/wp-json\/wp\/v2\/posts\/7084\/revisions"}],"predecessor-version":[{"id":7090,"href":"https:\/\/www.turkticaret.net\/blog\/wp-json\/wp\/v2\/posts\/7084\/revisions\/7090"}],"wp:featuredmedia":[{"embeddable":true,"href":"https:\/\/www.turkticaret.net\/blog\/wp-json\/wp\/v2\/media\/7086"}],"wp:attachment":[{"href":"https:\/\/www.turkticaret.net\/blog\/wp-json\/wp\/v2\/media?parent=7084"}],"wp:term":[{"taxonomy":"category","embeddable":true,"href":"https:\/\/www.turkticaret.net\/blog\/wp-json\/wp\/v2\/categories?post=7084"},{"taxonomy":"post_tag","embeddable":true,"href":"https:\/\/www.turkticaret.net\/blog\/wp-json\/wp\/v2\/tags?post=7084"}],"curies":[{"name":"wp","href":"https:\/\/api.w.org\/{rel}","templated":true}]}}