{"id":6298,"date":"2024-04-16T12:42:57","date_gmt":"2024-04-16T12:42:57","guid":{"rendered":"https:\/\/www.turkticaret.net\/blog\/?p=6298"},"modified":"2024-04-16T12:42:57","modified_gmt":"2024-04-16T12:42:57","slug":"trabis-tr-uzantili-alan-adi-sistemi-nedir","status":"publish","type":"post","link":"https:\/\/www.turkticaret.net\/blog\/trabis-tr-uzantili-alan-adi-sistemi-nedir\/","title":{"rendered":"TRABIS .TR Uzant\u0131l\u0131 Alan Ad\u0131 Sistemi Nedir?"},"content":{"rendered":"<h2><strong>Trabis Nedir?<\/strong><\/h2>\n<p>TRAB\u0130S, &#8220;.tr&#8221; uzant\u0131l\u0131 internet alan adlar\u0131n\u0131n y\u00f6netiminden sorumlu olan yeni nesil bir sistemdir. &#8220;TR A\u011f Bilgi Sistemi&#8221; anlam\u0131na gelen TRAB\u0130S, 2022 y\u0131l\u0131nda Bilgi Teknolojileri ve \u0130leti\u015fim Kurumu (BTK) taraf\u0131ndan devreye al\u0131nm\u0131\u015ft\u0131r.<\/p>\n<h2><strong>TRAB\u0130S&#8217;in Temel \u00d6zellikleri<\/strong><\/h2>\n<ul>\n<li>Ger\u00e7ek zamanl\u0131 i\u015flemler: Alan ad\u0131 ba\u015fvurular\u0131 ve di\u011fer i\u015flemler ger\u00e7ek zamanl\u0131 olarak yap\u0131lmaktad\u0131r.<\/li>\n<li>Geli\u015fmi\u015f arama: Alan ad\u0131 sorgulama i\u015flemleri daha kolay ve h\u0131zl\u0131 hale getirilmi\u015ftir.<\/li>\n<li>Art\u0131r\u0131lm\u0131\u015f g\u00fcvenlik: Sistem, geli\u015fmi\u015f g\u00fcvenlik \u00f6nlemleri ile korunmaktad\u0131r.<\/li>\n<li>Yetkili kay\u0131t kurulu\u015flar\u0131: &#8220;.tr&#8221; uzant\u0131l\u0131 alan adlar\u0131, akredite edilmi\u015f kay\u0131t kurulu\u015flar\u0131 arac\u0131l\u0131\u011f\u0131yla tahsis edilmektedir.<\/li>\n<\/ul>\n<h2><strong>TRAB\u0130S&#8217;in Sa\u011flad\u0131\u011f\u0131 Faydalar<\/strong><\/h2>\n<ul>\n<li>Daha h\u0131zl\u0131 ve kolay alan ad\u0131 tahsisi: Alan ad\u0131 ba\u015fvurular\u0131 ve di\u011fer i\u015flemler daha h\u0131zl\u0131 ve kolay bir \u015fekilde ger\u00e7ekle\u015ftirilebilmektedir.<\/li>\n<li>Daha fazla \u015feffafl\u0131k: Alan ad\u0131 kay\u0131t bilgileri daha \u015feffaf hale getirilmi\u015ftir.<\/li>\n<\/ul>\n<h2><strong>.TR Uzant\u0131l\u0131 Alan Ad\u0131 Kayd\u0131n\u0131n Tarih\u00e7esi<\/strong><\/h2>\n<p>.TR uzant\u0131l\u0131 alan adlar\u0131, T\u00fcrkiye&#8217;nin ve Kuzey K\u0131br\u0131s T\u00fcrk Cumhuriyeti&#8217;nin internet \u00fclke \u00fcst seviye alan ad\u0131d\u0131r. Bu alan adlar\u0131n\u0131n tarihi, 1990&#8217;l\u0131 y\u0131llar\u0131n ba\u015flar\u0131na kadar uzanmaktad\u0131r.<\/p>\n<ul>\n<li>1991: T\u00fcrkiye, \u0130nternet&#8217;e ba\u011fland\u0131 ve ICANN (\u0130nternet Tahsisli Adlar ve Numaralar Kurumu) ile ODT\u00dc (Orta Do\u011fu Teknik \u00dcniversitesi) aras\u0131nda &#8220;.tr&#8221; alan ad\u0131 da\u011f\u0131t\u0131m\u0131 i\u00e7in bir anla\u015fma imzaland\u0131.<\/li>\n<li>1997: 30 Nisan 1997 tarihinde mil.tr uzant\u0131l\u0131 alan ad\u0131, T.C. askeri kurum ve kurulu\u015flar\u0131na tahsis edilmeye ba\u015fland\u0131.<\/li>\n<li>2000: &#8220;.tr&#8221; alan ad\u0131 kay\u0131tlar\u0131n\u0131n say\u0131s\u0131 10.000&#8217;i a\u015ft\u0131.<\/li>\n<li>2003: 1 Eyl\u00fcl 2003 tarihinde, &#8220;.org.tr&#8221; ve &#8220;.com.tr&#8221; gibi ikinci seviye alan adlar\u0131 kullan\u0131ma sunuldu.<\/li>\n<li>2008: 30 May\u0131s 2008 tarihinden itibaren, tsk.tr uzant\u0131l\u0131 alan ad\u0131 tahsis edilmeye ba\u015flad\u0131. 6 Eyl\u00fcl 2008 tarihinde ise &#8220;.tr&#8221; uzant\u0131l\u0131 alan adlar\u0131 mevcut kurallar dahilinde i\u015f modeli uygulamalar\u0131 ile tahsis edilmeye ba\u015fland\u0131.<\/li>\n<li>2010: Bilgi Teknolojileri ve \u0130leti\u015fim Kurumu (BTK) taraf\u0131ndan &#8220;\u0130nternet Alan Adlar\u0131 Y\u00f6netmeli\u011fi&#8221; (TRAB\u0130S) yay\u0131nland\u0131.<\/li>\n<li>2016: &#8220;.gov.tr&#8221; uzant\u0131l\u0131 alan adlar\u0131 tahsisi ba\u015flad\u0131.<\/li>\n<li>2022: 14 Eyl\u00fcl 2022 tarihinde, TRAB\u0130S faaliyete ge\u00e7ti ve &#8220;.tr&#8221; alan ad\u0131 y\u00f6netimi ODT\u00dc&#8217;den TRAB\u0130S&#8217;e devredildi. Bu tarihten itibaren &#8220;.tr&#8221; alan ad\u0131 kay\u0131tlar\u0131 belgesiz olarak da yap\u0131labilmektedir.<\/li>\n<li>2023: 14 Eyl\u00fcl 2023 tarihinde, &#8220;.tr&#8221; alan adlar\u0131nda \u00f6n kay\u0131t s\u00fcreci ba\u015flad\u0131. \u00d6n kay\u0131t s\u00fcreci tamamland\u0131ktan sonra, alan adlar\u0131 genel kay\u0131t i\u015flemine a\u00e7\u0131lacakt\u0131r.<\/li>\n<\/ul>\n<p><img loading=\"lazy\" class=\"size-full wp-image-6303 aligncenter\" src=\"https:\/\/www.turkticaret.net\/blog\/wp-content\/uploads\/2024\/04\/TRABIS-TR-Uzantili-Alan-Adi-Sistemi-Nedir-1.jpg\" alt=\"TRABIS .TR Uzant\u0131l\u0131 Alan Ad\u0131 Sistemi Nedir?\" width=\"810\" height=\"440\" srcset=\"https:\/\/www.turkticaret.net\/blog\/wp-content\/uploads\/2024\/04\/TRABIS-TR-Uzantili-Alan-Adi-Sistemi-Nedir-1.jpg 810w, https:\/\/www.turkticaret.net\/blog\/wp-content\/uploads\/2024\/04\/TRABIS-TR-Uzantili-Alan-Adi-Sistemi-Nedir-1-300x163.jpg 300w, https:\/\/www.turkticaret.net\/blog\/wp-content\/uploads\/2024\/04\/TRABIS-TR-Uzantili-Alan-Adi-Sistemi-Nedir-1-768x417.jpg 768w\" sizes=\"(max-width: 810px) 100vw, 810px\" \/><\/p>\n<h2><strong>TRAB\u0130S&#8217;in \u00c7al\u0131\u015fma Mekanizmas\u0131<\/strong><\/h2>\n<p>TRAB\u0130S, &#8220;.tr&#8221; uzant\u0131l\u0131 alan adlar\u0131n\u0131n tahsisini, y\u00f6netimini ve denetimini ger\u00e7ek zamanl\u0131 ve elektronik ortamda, g\u00fcvenli ve \u015feffaf bir \u015fekilde y\u00fcr\u00fctmektedir. Sistemin temel \u00e7al\u0131\u015fma prensipleri \u015funlard\u0131r:<\/p>\n<ol>\n<li>Yetkili Kay\u0131t Kurulu\u015flar\u0131:<\/li>\n<\/ol>\n<ul>\n<li>&#8220;.tr&#8221; uzant\u0131l\u0131 alan adlar\u0131, BTK taraf\u0131ndan yetkilendirilmi\u015f kay\u0131t kurulu\u015flar\u0131 arac\u0131l\u0131\u011f\u0131yla tahsis edilmektedir.<\/li>\n<li>Kay\u0131t kurulu\u015flar\u0131, TRAB\u0130S \u00fczerinden alan ad\u0131 ba\u015fvurular\u0131n\u0131 de\u011ferlendirmekte, alan ad\u0131 tahsis ve iptal i\u015flemlerini ger\u00e7ekle\u015ftirmektedir.<\/li>\n<li>G\u00fcncel kay\u0131t kurulu\u015flar\u0131 listesine <a href=\"https:\/\/www.trabis.gov.tr\/\" target=\"_blank\" rel=\"noopener\">TRAB\u0130S&#8217;in resmi web sitesinden<\/a> ula\u015fabilirsiniz.<\/li>\n<\/ul>\n<ol start=\"2\">\n<li>Alan Ad\u0131 Ba\u015fvurusu:<\/li>\n<\/ol>\n<ul>\n<li>&#8220;.tr&#8221; uzant\u0131l\u0131 bir alan ad\u0131 tahsis etmek i\u00e7in yetkili bir kay\u0131t kurulu\u015funa ba\u015fvuru yapman\u0131z gerekmektedir.<\/li>\n<li>Ba\u015fvuruda, alan ad\u0131 ismi, ileti\u015fim bilgileri ve di\u011fer gerekli bilgiler yer almaktad\u0131r.<\/li>\n<li>Kay\u0131t kurulu\u015fu, ba\u015fvuruyu de\u011ferlendirerek alan ad\u0131 tahsisine uygun olup olmad\u0131\u011f\u0131na karar vermektedir.<\/li>\n<\/ul>\n<ol start=\"3\">\n<li>Alan Ad\u0131 Tahsisi:<\/li>\n<\/ol>\n<ul>\n<li>Ba\u015fvurunuz onayland\u0131ktan sonra, alan ad\u0131 tahsis edilmektedir.<\/li>\n<li>Alan ad\u0131 sahibi, alan ad\u0131n\u0131 kay\u0131t kurulu\u015fu \u00fczerinden y\u00f6netebilmektedir.<\/li>\n<\/ul>\n<ol start=\"4\">\n<li>Alan Ad\u0131 Y\u00f6netimi:<\/li>\n<\/ol>\n<ul>\n<li>Alan ad\u0131 sahipleri, alan adlar\u0131n\u0131 kay\u0131t kurulu\u015fu \u00fczerinden y\u00f6netebilmektedir.<\/li>\n<li>Alan ad\u0131 y\u00f6netimi kapsam\u0131nda, DNS ayarlar\u0131, nameserver de\u011fi\u015fiklikleri gibi i\u015flemler yap\u0131labilmektedir.<\/li>\n<\/ul>\n<h2><strong>.TR Uzant\u0131l\u0131 Alan Ad\u0131 Kayd\u0131 \u0130\u00e7in Gereklilikler<\/strong><\/h2>\n<p><strong>Gerekli Belgeler:<\/strong><\/p>\n<p>*.TR uzant\u0131l\u0131 alan ad\u0131 kayd\u0131 i\u00e7in belgesiz ba\u015fvuru d\u00f6nemi ba\u015flam\u0131\u015ft\u0131r. Ancak baz\u0131 durumlarda belge gerekmektedir. Gerekli belgeler, alan ad\u0131n\u0131n t\u00fcr\u00fcne g\u00f6re de\u011fi\u015fiklik g\u00f6stermektedir. Genel olarak, a\u015fa\u011f\u0131daki belgeler istenmektedir:<\/p>\n<p><strong>Bireysel Ba\u015fvurular:<\/strong><\/p>\n<ul>\n<li>N\u00fcfus c\u00fczdan\u0131 sureti<\/li>\n<li>Vergi dairesinden al\u0131nm\u0131\u015f vergi levhas\u0131 veya ikametg\u00e2h belgesi<\/li>\n<\/ul>\n<p><strong>Kurumsal Ba\u015fvurular:<\/strong><\/p>\n<ul>\n<li>Vergi levhas\u0131 veya Oda Kay\u0131t Belgesi sureti<\/li>\n<li>Yetkilendirilmi\u015f imza sahibinin n\u00fcfus c\u00fczdan\u0131 sureti<\/li>\n<li>Ticaret sicil gazetesi<\/li>\n<\/ul>\n<p><strong>Di\u011fer Ko\u015fullar:<\/strong><\/p>\n<ul>\n<li>Alan ad\u0131 ismi, genel ahlak ve kamu d\u00fczenine ayk\u0131r\u0131 olamaz.<\/li>\n<li>Alan ad\u0131 ismi, ticari markalara veya tescil edilmi\u015f fikri haklara tecav\u00fcz edemez.<\/li>\n<li>Alan ad\u0131 ismi, en az 3 en fazla 63 karakterden olu\u015fabilir.<\/li>\n<li>Alan ad\u0131 isminde T\u00fcrk\u00e7e karakterler, rakamlar ve tire (-) kullan\u0131labilir.<\/li>\n<\/ul>\n<h2><strong>TRAB\u0130S Kay\u0131t \u0130\u015flemleri<\/strong><\/h2>\n<p>.TR uzant\u0131l\u0131 alan ad\u0131 kayd\u0131 i\u00e7in yetkili bir kay\u0131t kurulu\u015funa ba\u015fvuru yapman\u0131z gerekmektedir.<\/p>\n<p>Kay\u0131t kurulu\u015fu alan ad\u0131 tescili i\u00e7in belge gerekliyse, gerekli belgeleri talep edecektir.<\/p>\n<p>Belgelerinizin tamamlanmas\u0131 halinde, alan ad\u0131 kayd\u0131n\u0131z tamamlanacakt\u0131r.<\/p>\n<h2><strong>TRAB\u0130S Kullan\u0131m\u0131: Bireysel ve Kurumsal Farklar<\/strong><\/h2>\n<p>TRAB\u0130S, hem bireysel hem de kurumsal kullan\u0131c\u0131lar taraf\u0131ndan kullan\u0131labilir. Her iki kullan\u0131c\u0131 t\u00fcr\u00fc i\u00e7in de baz\u0131 temel farklar bulunmaktad\u0131r:<\/p>\n<ul>\n<li>Bireysel Kullan\u0131c\u0131lar:<\/li>\n<\/ul>\n<p>Bireysel kullan\u0131c\u0131lar, kendi isimlerine veya markalar\u0131na ait alan adlar\u0131n\u0131 kaydedebilirler.<\/p>\n<p>Bireysel kullan\u0131c\u0131lar, genellikle ki\u015fisel web siteleri, bloglar veya k\u00fc\u00e7\u00fck i\u015fletmeler i\u00e7in alan ad\u0131 kayd\u0131 yapt\u0131rmaktad\u0131r.<\/p>\n<ul>\n<li>Kurumsal Kullan\u0131c\u0131lar:<\/li>\n<\/ul>\n<p>Kurumsal kullan\u0131c\u0131lar, \u015firketlerinin isimlerine veya markalar\u0131na ait alan adlar\u0131n\u0131 kaydedebilirler.<\/p>\n<p>Kurumsal kullan\u0131c\u0131lar, genellikle kurumsal web siteleri, e-posta sunucular\u0131 veya e-ticaret platformlar\u0131 i\u00e7in alan ad\u0131 kayd\u0131 yapt\u0131rmaktad\u0131r.<\/p>\n<h2><strong>G\u00fcvenlik \u00d6zellikleri: TRAB\u0130S ve Siber G\u00fcvenlik<\/strong><\/h2>\n<p>TRAB\u0130S, &#8220;.tr&#8221; uzant\u0131l\u0131 alan adlar\u0131n\u0131n g\u00fcvenli\u011fini sa\u011flamak i\u00e7in \u00e7e\u015fitli \u00f6nlemler sunmaktad\u0131r:<\/p>\n<ul>\n<li>Alan ad\u0131 kimlik do\u011frulama: Alan ad\u0131 sahiplerinin kimli\u011fi do\u011frulanmaktad\u0131r.<\/li>\n<li>Alan ad\u0131 kilidi: Alan adlar\u0131n\u0131n yetkisiz transferleri engellenmektedir.<\/li>\n<li>Siber sald\u0131r\u0131lara kar\u015f\u0131 koruma: TRAB\u0130S, siber sald\u0131r\u0131lara kar\u015f\u0131 s\u00fcrekli olarak izlenmekte ve korunmaktad\u0131r.<\/li>\n<\/ul>\n<p><strong>TRAB\u0130S&#8217;in Sa\u011flad\u0131\u011f\u0131 Baz\u0131 G\u00fcvenlik Avantajlar\u0131:<\/strong><\/p>\n<ul>\n<li>Art\u0131r\u0131lm\u0131\u015f alan ad\u0131 g\u00fcvenli\u011fi<\/li>\n<li>Yetkisiz eri\u015fime kar\u015f\u0131 koruma<\/li>\n<li>Siber sald\u0131r\u0131lara kar\u015f\u0131 koruma<\/li>\n<li>Veri kayb\u0131n\u0131n \u00f6nlenmesi<\/li>\n<\/ul>\n<p><img loading=\"lazy\" class=\"size-full wp-image-6304 aligncenter\" src=\"https:\/\/www.turkticaret.net\/blog\/wp-content\/uploads\/2024\/04\/TRABIS-TR-Uzantili-Alan-Adi-Sistemi-Nedir-2.jpg\" alt=\"TRABIS .TR Uzant\u0131l\u0131 Alan Ad\u0131 Sistemi Nedir?\" width=\"810\" height=\"440\" srcset=\"https:\/\/www.turkticaret.net\/blog\/wp-content\/uploads\/2024\/04\/TRABIS-TR-Uzantili-Alan-Adi-Sistemi-Nedir-2.jpg 810w, https:\/\/www.turkticaret.net\/blog\/wp-content\/uploads\/2024\/04\/TRABIS-TR-Uzantili-Alan-Adi-Sistemi-Nedir-2-300x163.jpg 300w, https:\/\/www.turkticaret.net\/blog\/wp-content\/uploads\/2024\/04\/TRABIS-TR-Uzantili-Alan-Adi-Sistemi-Nedir-2-768x417.jpg 768w\" sizes=\"(max-width: 810px) 100vw, 810px\" \/><\/p>\n<h2><strong>TRAB\u0130S ve SEO: .TR Uzant\u0131s\u0131n\u0131n Arama Motorlar\u0131ndaki Etkisi<\/strong><\/h2>\n<ol>\n<li>Yerel Hedefleme:<\/li>\n<\/ol>\n<p>&#8220;.tr&#8221; uzant\u0131l\u0131 alan adlar\u0131, T\u00fcrkiye&#8217;deki arama motorlar\u0131nda daha \u00fcst s\u0131ralarda yer alma \u015fans\u0131na sahiptir.<\/p>\n<p>Bu sayede, yerel hedef kitleye hitap eden web siteleri i\u00e7in &#8220;.tr&#8221; uzant\u0131l\u0131 alan ad\u0131 kullan\u0131m\u0131 daha avantajl\u0131d\u0131r.<\/p>\n<ol start=\"2\">\n<li>G\u00fcven Alg\u0131s\u0131:<\/li>\n<\/ol>\n<p>&#8220;.tr&#8221; uzant\u0131l\u0131 alan adlar\u0131, T\u00fcrk kullan\u0131c\u0131lar taraf\u0131ndan daha g\u00fcvenilir olarak alg\u0131lanmaktad\u0131r.<\/p>\n<p>Bu durum, &#8220;.tr&#8221; uzant\u0131l\u0131 alan adlar\u0131n\u0131 kullanan web sitelerinin arama motorlar\u0131nda daha \u00fcst s\u0131ralarda yer almas\u0131na katk\u0131da bulunabilir.<\/p>\n<ol start=\"3\">\n<li>Rekabet Avantaj\u0131:<\/li>\n<\/ol>\n<p>&#8220;.tr&#8221; uzant\u0131l\u0131 alan adlar\u0131, baz\u0131 sekt\u00f6rlerde rakiplerinizden ayr\u0131lman\u0131z\u0131 sa\u011flayabilir.<\/p>\n<p>\u00d6zellikle T\u00fcrkiye&#8217;de faaliyet g\u00f6steren firmalar i\u00e7in &#8220;.tr&#8221; uzant\u0131l\u0131 alan ad\u0131 kullan\u0131m\u0131, sekt\u00f6rdeki di\u011fer firmalara kar\u015f\u0131 bir rekabet avantaj\u0131 sa\u011flayabilir.<\/p>\n<p><strong>TRAB\u0130S&#8217;in SEO \u00fczerindeki di\u011fer etkileri:<\/strong><\/p>\n<p>Alan ad\u0131 kay\u0131t bilgilerinin \u015feffafl\u0131\u011f\u0131: Alan ad\u0131 kay\u0131t bilgilerinin \u015feffaf hale gelmesi, arama motorlar\u0131n\u0131n alan adlar\u0131n\u0131 daha iyi de\u011ferlendirmelerine imkan sa\u011flayabilir.<\/p>\n<p>Alan ad\u0131 uyu\u015fmazl\u0131klar\u0131n\u0131n \u00e7\u00f6z\u00fcm\u00fc: Alan ad\u0131 uyu\u015fmazl\u0131klar\u0131n\u0131n TRAB\u0130S \u00fczerinden h\u0131zl\u0131 ve kolay bir \u015fekilde \u00e7\u00f6z\u00fclmesi, SEO a\u00e7\u0131s\u0131ndan da faydal\u0131 olabilir.<\/p>\n<p><strong>TRAB\u0130S&#8217;in SEO ile ilgili baz\u0131 \u00f6nemli noktalar:<\/strong><\/p>\n<p>&#8220;.tr&#8221; uzant\u0131l\u0131 bir alan ad\u0131 kaydetmek, tek ba\u015f\u0131na SEO i\u00e7in yeterli de\u011fildir.<\/p>\n<p>Web sitenizin i\u00e7eri\u011fi ve teknik optimizasyonu da SEO i\u00e7in olduk\u00e7a \u00f6nemlidir.<\/p>\n<p>&#8220;.tr&#8221; uzant\u0131l\u0131 bir alan ad\u0131 kullan\u0131yorsan\u0131z, sitenizin i\u00e7eri\u011fini T\u00fcrk\u00e7e olarak olu\u015fturman\u0131z ve T\u00fcrk\u00e7e anahtar kelimeler kullanman\u0131z \u00f6nemlidir.<\/p>\n<h2><strong>Sonu\u00e7<\/strong><\/h2>\n<p>TRAB\u0130S, T\u00fcrkiye&#8217;deki internet kullan\u0131c\u0131lar\u0131 ve web sitesi sahipleri i\u00e7in \u00f6nemli bir ara\u00e7t\u0131r. &#8220;.tr&#8221; uzant\u0131l\u0131 bir alan ad\u0131 kaydetmeyi d\u00fc\u015f\u00fcn\u00fcyorsan\u0131z, sundu\u011fumuz avantajlar\u0131 <a href=\"https:\/\/www.turkticaret.net\/com-tr-domain\">buradan inceleyebilirsiniz.<\/a><\/p>\n<p>&nbsp;<\/p>\n<p>Di\u011fer blog i\u00e7eriklerimiz i\u00e7in <a href=\"https:\/\/www.turkticaret.net\/blog\/\">t\u0131klayabilirsiniz.<\/a><\/p>\n","protected":false},"excerpt":{"rendered":"<p>Trabis Nedir? TRAB\u0130S, &#8220;.tr&#8221; uzant\u0131l\u0131 internet alan adlar\u0131n\u0131n y\u00f6netiminden sorumlu olan yeni nesil bir sistemdir. &#8220;TR A\u011f Bilgi Sistemi&#8221; anlam\u0131na gelen TRAB\u0130S, 2022 y\u0131l\u0131nda Bilgi Teknolojileri ve \u0130leti\u015fim Kurumu (BTK) taraf\u0131ndan devreye al\u0131nm\u0131\u015ft\u0131r. TRAB\u0130S&#8217;in Temel \u00d6zellikleri Ger\u00e7ek zamanl\u0131 i\u015flemler: Alan ad\u0131 ba\u015fvurular\u0131 ve di\u011fer i\u015flemler ger\u00e7ek zamanl\u0131 olarak yap\u0131lmaktad\u0131r. Geli\u015fmi\u015f arama: Alan ad\u0131 sorgulama i\u015flemleri [&hellip;]<\/p>\n","protected":false},"author":8,"featured_media":6302,"comment_status":"closed","ping_status":"open","sticky":false,"template":"","format":"standard","meta":[],"categories":[48],"tags":[],"_links":{"self":[{"href":"https:\/\/www.turkticaret.net\/blog\/wp-json\/wp\/v2\/posts\/6298"}],"collection":[{"href":"https:\/\/www.turkticaret.net\/blog\/wp-json\/wp\/v2\/posts"}],"about":[{"href":"https:\/\/www.turkticaret.net\/blog\/wp-json\/wp\/v2\/types\/post"}],"author":[{"embeddable":true,"href":"https:\/\/www.turkticaret.net\/blog\/wp-json\/wp\/v2\/users\/8"}],"replies":[{"embeddable":true,"href":"https:\/\/www.turkticaret.net\/blog\/wp-json\/wp\/v2\/comments?post=6298"}],"version-history":[{"count":3,"href":"https:\/\/www.turkticaret.net\/blog\/wp-json\/wp\/v2\/posts\/6298\/revisions"}],"predecessor-version":[{"id":6305,"href":"https:\/\/www.turkticaret.net\/blog\/wp-json\/wp\/v2\/posts\/6298\/revisions\/6305"}],"wp:featuredmedia":[{"embeddable":true,"href":"https:\/\/www.turkticaret.net\/blog\/wp-json\/wp\/v2\/media\/6302"}],"wp:attachment":[{"href":"https:\/\/www.turkticaret.net\/blog\/wp-json\/wp\/v2\/media?parent=6298"}],"wp:term":[{"taxonomy":"category","embeddable":true,"href":"https:\/\/www.turkticaret.net\/blog\/wp-json\/wp\/v2\/categories?post=6298"},{"taxonomy":"post_tag","embeddable":true,"href":"https:\/\/www.turkticaret.net\/blog\/wp-json\/wp\/v2\/tags?post=6298"}],"curies":[{"name":"wp","href":"https:\/\/api.w.org\/{rel}","templated":true}]}}