{"id":4476,"date":"2022-11-23T11:41:57","date_gmt":"2022-11-23T11:41:57","guid":{"rendered":"https:\/\/www.turkticaret.net\/blog\/?p=4476"},"modified":"2022-11-23T11:42:41","modified_gmt":"2022-11-23T11:42:41","slug":"black-friday-kara-cuma-nedir-nasil-ortaya-cikti","status":"publish","type":"post","link":"https:\/\/www.turkticaret.net\/blog\/black-friday-kara-cuma-nedir-nasil-ortaya-cikti\/","title":{"rendered":"Black Friday (Kara Cuma) Nedir, Nas\u0131l Ortaya \u00c7\u0131kt\u0131?"},"content":{"rendered":"<p>Black Friday (Kara Cuma), al\u0131\u015fveri\u015f yapanlar\u0131n online al\u0131\u015fveri\u015f veya ma\u011fazalarda hemen hemen her \u00fcr\u00fcn i\u00e7in en iyi f\u0131rsatlar\u0131 bulabilece\u011fi bir g\u00fcnd\u00fcr. Diz\u00fcst\u00fc bilgisayarlar,\u00a0TV&#8217;ler, beyaz e\u015fya, giysiler ve daha fazlas\u0131, genellikle \u00e7ok s\u0131n\u0131rl\u0131 stokla t\u00fcm zamanlar\u0131n en d\u00fc\u015f\u00fck fiyatlar\u0131na d\u00fc\u015fmektedir. Ama al\u0131\u015fveri\u015fi \u00e7\u0131lg\u0131nl\u0131\u011f\u0131n\u0131n ad\u0131n\u0131 nereden ald\u0131\u011f\u0131n\u0131 hi\u00e7 merak ettiniz mi?<\/p>\n<p><img loading=\"lazy\" class=\"aligncenter wp-image-4479\" src=\"https:\/\/www.turkticaret.net\/blog\/wp-content\/uploads\/2022\/11\/Black-Friday-Kara-Cuma-Nedir-Nasil-Ortaya-Cikti-2.jpg\" alt=\"Black Friday Kara Cuma Nedir Nas\u0131l Ortaya \u00c7\u0131kt\u0131 2\" width=\"700\" height=\"380\" srcset=\"https:\/\/www.turkticaret.net\/blog\/wp-content\/uploads\/2022\/11\/Black-Friday-Kara-Cuma-Nedir-Nasil-Ortaya-Cikti-2.jpg 810w, https:\/\/www.turkticaret.net\/blog\/wp-content\/uploads\/2022\/11\/Black-Friday-Kara-Cuma-Nedir-Nasil-Ortaya-Cikti-2-300x163.jpg 300w, https:\/\/www.turkticaret.net\/blog\/wp-content\/uploads\/2022\/11\/Black-Friday-Kara-Cuma-Nedir-Nasil-Ortaya-Cikti-2-768x417.jpg 768w\" sizes=\"(max-width: 700px) 100vw, 700px\" \/><\/p>\n<h2>Neden Kara Cuma (Black Friday) Denmektedir?<\/h2>\n<p>1869&#8217;da Jim Fisk ve Jay Gould isimli iki yat\u0131r\u0131mc\u0131 alt\u0131n fiyat\u0131n\u0131 y\u00fckselterek piyasan\u0131n \u00e7\u00f6k\u00fc\u015f\u00fcne neden olmas\u0131 ile &#8220;Black Friday &#8211; Kara Cuma kavram\u0131 ilk olarak ortaya \u00e7\u0131km\u0131\u015ft\u0131. Bundan dolay\u0131 borca %20 d\u00fc\u015fm\u00fc\u015f ve d\u0131\u015f ticaret durmu\u015ftur. Wall Street baronlar\u0131ndan \u00e7ift\u00e7ilere kadar herkesi iflas ettirdi. Daha sonra, 1950&#8217;lerin sonlar\u0131nda Philadelphia&#8217;da bu terim yeniden canland\u0131. Philadelphia polisi bu terimi, her y\u0131l b\u00fcy\u00fck Ordu-Donanma futbol ma\u00e7\u0131 i\u00e7in al\u0131\u015fveri\u015f\u00e7ilerin ve turistlerin \u015fehre ak\u0131n etmesiyle ortaya \u00e7\u0131kan kaosu tan\u0131mlamak i\u00e7in kulland\u0131. Ba\u015flang\u0131\u00e7ta olumsuz bir anlama sahipti. Ancak 1980&#8217;ler geldi\u011finde perakendeciler terimi olumlu bir ifadeye d\u00f6n\u00fc\u015ft\u00fcrd\u00fcler ve \u00e7o\u011fu insan bunu kar elde etmek i\u00e7in bir f\u0131rsat olarak g\u00f6rd\u00fc.<\/p>\n<h2>Black Friday 2022 Ne Zaman?<\/h2>\n<p>Bu y\u0131l,\u00a0Kara Cuma 25 Kas\u0131m Cuma g\u00fcn\u00fc ba\u015fl\u0131yor. Bununla birlikte, bir\u00e7ok ma\u011faza erken indirimler sunmaya ba\u015flamaktad\u0131r.<\/p>\n<h2>\u00d6nemli Kara Cuma e-Ticaret \u0130\u00e7g\u00f6r\u00fcleri<\/h2>\n<ul>\n<li>Kara Cuma al\u0131\u015fveri\u015fi yapanlar\u0131n ma\u011fazadan ziyade <strong>online <\/strong><strong>al\u0131\u015fveri\u015f<\/strong> yapma olas\u0131l\u0131\u011f\u0131 daha y\u00fcksektir ve giderek daha fazla say\u0131da insan online\u00a0 sat\u0131n alma i\u015flemlerini i\u00e7in <strong>mobil cihazlar<\/strong>\u0131 kullanmaktad\u0131r.<\/li>\n<li>Kullan\u0131c\u0131lar\u0131n Kara Cuma&#8217;da online sat\u0131n alma olas\u0131l\u0131klar\u0131, di\u011fer Cuma g\u00fcnlerindeki sat\u0131\u015flara k\u0131yasla 6 kat daha fazlad\u0131r.<\/li>\n<li>T\u00fcm g\u00fcn s\u00fcren veya daha uzun s\u00fcreli sat\u0131\u015f etkinlikleri, <strong>k\u0131sa s\u00fcreli fla\u015f sat\u0131\u015flar<\/strong>dan daha etkilidir.<\/li>\n<li>Black Friday m\u00fc\u015fterilerinin %70&#8217;inden\u00a0fazlas\u0131\u00a0paralar\u0131n\u0131 \u00fccretsiz g\u00f6nderim (<strong>\u00fccretsiz kargo<\/strong>) sunan perakendecilere harc\u0131yor.<\/li>\n<\/ul>\n<p><img loading=\"lazy\" class=\"aligncenter wp-image-4480\" src=\"https:\/\/www.turkticaret.net\/blog\/wp-content\/uploads\/2022\/11\/Black-Friday-Kara-Cuma-Nedir-Nasil-Ortaya-Cikti-1.jpg\" alt=\"Black Friday Kara Cuma Nedir Nas\u0131l Ortaya \u00c7\u0131kt\u0131 1\" width=\"700\" height=\"380\" srcset=\"https:\/\/www.turkticaret.net\/blog\/wp-content\/uploads\/2022\/11\/Black-Friday-Kara-Cuma-Nedir-Nasil-Ortaya-Cikti-1.jpg 810w, https:\/\/www.turkticaret.net\/blog\/wp-content\/uploads\/2022\/11\/Black-Friday-Kara-Cuma-Nedir-Nasil-Ortaya-Cikti-1-300x163.jpg 300w, https:\/\/www.turkticaret.net\/blog\/wp-content\/uploads\/2022\/11\/Black-Friday-Kara-Cuma-Nedir-Nasil-Ortaya-Cikti-1-768x417.jpg 768w\" sizes=\"(max-width: 700px) 100vw, 700px\" \/><\/p>\n<h2 id=\"tips-for-e-commerce-retailers-on-how-to-prepare-for-black-friday\"><b>Sat\u0131c\u0131lar \u0130\u00e7in Kara Cuma&#8217;ya Nas\u0131l Haz\u0131rlan\u0131laca\u011f\u0131na \u0130li\u015fkin \u0130pu\u00e7lar\u0131<\/b><\/h2>\n<p>Online <strong>Kara Cuma<\/strong> sat\u0131\u015flar\u0131, o hafta erken ba\u015flayabilir, bu nedenle m\u00fc\u015fterilerle \u00f6nceden etkile\u015fime ge\u00e7meye haz\u0131r oldu\u011funuzdan emin olun.<\/p>\n<ul>\n<li><strong>Online Ma\u011fazac\u0131l\u0131k\u00a0<\/strong><\/li>\n<\/ul>\n<p>Sitede en iyi teklifleri ve \u00fcr\u00fcnleri sat\u0131\u015flar\u0131 art\u0131racak \u015fekilde sergilemek ak\u0131ll\u0131cad\u0131r. En iyi tekliflerinizin, sitenize geldikleri anda ziyaret\u00e7ilerin dikkatini \u00e7ekecek \u015fekilde konumland\u0131r\u0131ld\u0131\u011f\u0131ndan emin olun. Bannerlar, afi\u015fler ve pop-up&#8217;lar genellikle <strong>en g\u00f6ze \u00e7arpan teklifleri<\/strong> \u00f6ne \u00e7\u0131karmak i\u00e7in kullan\u0131l\u0131r.<\/p>\n<ul>\n<li><strong>Sosyal Medya Payla\u015f\u0131mlar\u0131<\/strong><\/li>\n<\/ul>\n<p>Daha fazla sat\u0131\u015f yapmak i\u00e7in web sitenize h\u0131zl\u0131 bir \u015fekilde daha fazla trafik \u00e7ekmeniz gerekir, bu nedenle \u00fccretli sosyal medya ve Google reklamlar\u0131 pazarlamac\u0131lar\u0131n site trafi\u011fini art\u0131rmak i\u00e7in ba\u015fvurduklar\u0131 taktiktir.<\/p>\n<ul>\n<li><b>Duygusal Tetikleyicilerden Yararlanmak<\/b><\/li>\n<\/ul>\n<p>Kara Cuma al\u0131\u015fveri\u015fi yapanlar\u0131n, normal m\u00fc\u015fterilerinizden hi\u00e7bir fark\u0131 yoktur sadece para harcamak i\u00e7in can atarak ma\u011fazan\u0131za gelirler. Sat\u0131n almalar\u0131na yard\u0131mc\u0131 olmak i\u00e7in yapman\u0131z gereken tek \u015fey web sitenizi farkl\u0131 duygusal tetikleyicilerle doldurmak. \u00d6rne\u011fin; g\u00f6rsel olarak <strong>\u00e7ekici teklifler<\/strong> (<strong>s\u0131n\u0131rl\u0131 indirimler<\/strong>, <strong>\u00fccretsiz teslimat<\/strong>, <strong>indirim kuponu<\/strong>, <strong>\u00fccretsiz hediye<\/strong>) ve <strong>canl\u0131 destek<\/strong> penceresi eklemelisiniz.<\/p>\n<h2>Al\u0131\u015fveri\u015f Yapanlara Kara Cuma Al\u0131\u015fveri\u015f T\u00fcyolar\u0131<\/h2>\n<p>Bu al\u0131\u015fveri\u015f ipu\u00e7lar\u0131 2022 Kara Cuma&#8217;ya zaman\u0131nda haz\u0131rlanman\u0131za yard\u0131mc\u0131 olacak.<\/p>\n<ul>\n<li><strong>En \u0130yi Erken F\u0131rsatlar\u0131 Aray\u0131n<\/strong><\/li>\n<\/ul>\n<p>Pek \u00e7ok perakendeci \u00f6nceden \u00f6zel teklifler yay\u0131nlar, asl\u0131nda daha erkenden harika f\u0131rsatlar bulabilirsiniz.<\/p>\n<ul>\n<li><strong>Fiyat Kar\u015f\u0131la\u015ft\u0131rmas\u0131 Yapan Siteleri Kullan\u0131n<\/strong><\/li>\n<\/ul>\n<p>Online ve ma\u011faza i\u00e7i f\u0131rsatlar\u0131 ke\u015ffetmek i\u00e7in, ma\u011fazalar i\u00e7in bro\u015f\u00fcr ve katalog aramak, fiyatlar\u0131 kar\u015f\u0131la\u015ft\u0131rmak, \u00fccretsiz numune almak gibi haz\u0131rl\u0131klar yap\u0131n.<\/p>\n<ul>\n<li><strong>\u0130htiya\u00e7 Listesi Yap\u0131n<\/strong><\/li>\n<\/ul>\n<p>Kara Cuma&#8217;da en iyi f\u0131rsatlar\u0131 elde etmek i\u00e7in ara\u015ft\u0131rman\u0131z\u0131 \u00f6nceden yap\u0131n. En ucuz f\u0131rsatlara kanmak yerine ger\u00e7ekten ne istedi\u011finizin bir listesini yap\u0131n. Arad\u0131\u011f\u0131n\u0131z belirli markalar\u0131 veya \u00f6zellikleri not edin b\u00f6ylece do\u011frudan sizi en \u00e7ok ilgilendiren indirimlere y\u00f6nelebilirsiniz.<\/p>\n<ul>\n<li><strong>En Sevdi\u011finiz Markalar\u0131 Takip Edin<\/strong><\/li>\n<\/ul>\n<p>En sevdi\u011finiz markalar\u0131 sosyal medyada takip edin ve e-posta b\u00fcltenlerine kaydolarak \u00f6zel f\u0131rsatlar yay\u0131nlan\u0131r yay\u0131nlanmaz onlar\u0131 ilk g\u00f6ren siz olun.<\/p>\n<ul>\n<li><strong>B\u00fct\u00e7e Plan\u0131 Yap\u0131n<\/strong><\/li>\n<\/ul>\n<p>Ne kadar harcamak istedi\u011finize \u00f6nceden karar verin ve buna ba\u011fl\u0131 kalmak i\u00e7in elinizden gelenin en iyisini yap\u0131n. Harcamadan \u00f6nce kendinize ger\u00e7ekten ihtiyac\u0131n\u0131z olup olmad\u0131\u011f\u0131n\u0131 ve b\u00fct\u00e7enizin kar\u015f\u0131lay\u0131p kar\u015f\u0131layamayaca\u011f\u0131n\u0131 sorun.<\/p>\n<ul>\n<li><strong>Online Al\u0131\u015fveri\u015f Yap\u0131n<\/strong><\/li>\n<\/ul>\n<p>Hayat pahal\u0131l\u0131\u011f\u0131n\u0131n artmas\u0131yla bu y\u0131lki ucuz al\u0131\u015fveri\u015f etkinli\u011fi yo\u011fun ge\u00e7ecek, ancak \u00e7evrimi\u00e7i al\u0131\u015fveri\u015f yaparak kalabal\u0131ktan tamamen ka\u00e7\u0131nabilirsiniz.\u00a0B\u00fcy\u00fck markalar\u0131n t\u00fcm\u00fc, \u00fccretsiz teslimat ekstra avantajlarla, ma\u011fazadakiyle ayn\u0131 f\u0131rsatlar\u0131 online olarak sunacakt\u0131r.<\/p>\n<p><a href=\"https:\/\/www.turkticaret.net\/\">Turkticaret.Net<\/a> Black Friday f\u0131rsatlar\u0131ndan yaralanmak i\u00e7in <strong><a href=\"https:\/\/www.turkticaret.net\/\">web sitemizi<\/a><\/strong>, b\u00fclten ve <strong><a href=\"https:\/\/www.instagram.com\/turkticaretnet\/\" target=\"_blank\" rel=\"noopener\">sosyal medya hesaplar\u0131m\u0131z\u0131<\/a><\/strong> takipte kal\u0131n. <strong><a href=\"https:\/\/www.turkticaret.net\/com-domain-uzantisi\">Domain<\/a>, <a href=\"https:\/\/www.turkticaret.net\/bireysel-hosting\">hosting<\/a>, <a href=\"https:\/\/www.turkticaret.net\/marka-tescil\/\">marka tescil<\/a><\/strong> indirimlerini ka\u00e7\u0131rmay\u0131n.<\/p>\n","protected":false},"excerpt":{"rendered":"<p>Black Friday (Kara Cuma), al\u0131\u015fveri\u015f yapanlar\u0131n online al\u0131\u015fveri\u015f veya ma\u011fazalarda hemen hemen her \u00fcr\u00fcn i\u00e7in en iyi f\u0131rsatlar\u0131 bulabilece\u011fi bir g\u00fcnd\u00fcr. Diz\u00fcst\u00fc bilgisayarlar,\u00a0TV&#8217;ler, beyaz e\u015fya, giysiler ve daha fazlas\u0131, genellikle \u00e7ok s\u0131n\u0131rl\u0131 stokla t\u00fcm zamanlar\u0131n en d\u00fc\u015f\u00fck fiyatlar\u0131na d\u00fc\u015fmektedir. Ama al\u0131\u015fveri\u015fi \u00e7\u0131lg\u0131nl\u0131\u011f\u0131n\u0131n ad\u0131n\u0131 nereden ald\u0131\u011f\u0131n\u0131 hi\u00e7 merak ettiniz mi? Neden Kara Cuma (Black Friday) Denmektedir? [&hellip;]<\/p>\n","protected":false},"author":2,"featured_media":4478,"comment_status":"closed","ping_status":"open","sticky":false,"template":"","format":"standard","meta":[],"categories":[56,55,53],"tags":[],"_links":{"self":[{"href":"https:\/\/www.turkticaret.net\/blog\/wp-json\/wp\/v2\/posts\/4476"}],"collection":[{"href":"https:\/\/www.turkticaret.net\/blog\/wp-json\/wp\/v2\/posts"}],"about":[{"href":"https:\/\/www.turkticaret.net\/blog\/wp-json\/wp\/v2\/types\/post"}],"author":[{"embeddable":true,"href":"https:\/\/www.turkticaret.net\/blog\/wp-json\/wp\/v2\/users\/2"}],"replies":[{"embeddable":true,"href":"https:\/\/www.turkticaret.net\/blog\/wp-json\/wp\/v2\/comments?post=4476"}],"version-history":[{"count":2,"href":"https:\/\/www.turkticaret.net\/blog\/wp-json\/wp\/v2\/posts\/4476\/revisions"}],"predecessor-version":[{"id":4482,"href":"https:\/\/www.turkticaret.net\/blog\/wp-json\/wp\/v2\/posts\/4476\/revisions\/4482"}],"wp:featuredmedia":[{"embeddable":true,"href":"https:\/\/www.turkticaret.net\/blog\/wp-json\/wp\/v2\/media\/4478"}],"wp:attachment":[{"href":"https:\/\/www.turkticaret.net\/blog\/wp-json\/wp\/v2\/media?parent=4476"}],"wp:term":[{"taxonomy":"category","embeddable":true,"href":"https:\/\/www.turkticaret.net\/blog\/wp-json\/wp\/v2\/categories?post=4476"},{"taxonomy":"post_tag","embeddable":true,"href":"https:\/\/www.turkticaret.net\/blog\/wp-json\/wp\/v2\/tags?post=4476"}],"curies":[{"name":"wp","href":"https:\/\/api.w.org\/{rel}","templated":true}]}}